{"id":6295,"date":"2025-10-06T11:23:05","date_gmt":"2025-10-06T09:23:05","guid":{"rendered":"https:\/\/www.c2dprevention.com\/?p=6295"},"modified":"2025-10-13T13:15:53","modified_gmt":"2025-10-13T11:15:53","slug":"sobrecarga-de-informacion-en-el-trabajo-un-riesgo-oculto-para-la-salud-y-el-rendimiento","status":"publish","type":"post","link":"https:\/\/www.c2dprevention.com\/es\/blog-es\/sobrecarga-de-informacion-en-el-trabajo-un-riesgo-oculto-para-la-salud-y-el-rendimiento\/","title":{"rendered":"Sobrecarga de informaci\u00f3n en el trabajo: un riesgo oculto para la salud y el rendimiento"},"content":{"rendered":"\t\t<div data-elementor-type=\"wp-post\" data-elementor-id=\"6295\" class=\"elementor elementor-6295 elementor-6293\" data-elementor-post-type=\"post\">\n\t\t\t\t<div class=\"elementor-element elementor-element-fc5133e e-flex e-con-boxed e-con e-parent\" data-id=\"fc5133e\" data-element_type=\"container\">\n\t\t\t\t\t<div class=\"e-con-inner\">\n\t\t\t\t<div class=\"elementor-element elementor-element-daf6dd4 elementor-widget elementor-widget-image\" data-id=\"daf6dd4\" data-element_type=\"widget\" data-widget_type=\"image.default\">\n\t\t\t\t\t\t\t\t\t\t\t\t\t\t\t<img fetchpriority=\"high\" decoding=\"async\" width=\"800\" height=\"533\" src=\"https:\/\/www.c2dprevention.com\/wp-content\/uploads\/2025\/10\/une-femme-fatiguee-bouleversee-garde-les-deux-mains-sur-les-tempes-fronce-les-sourcils-se-sent-surmenee-apres-avoir-travaille-longtemps-1620x1080.jpg\" class=\"attachment-large size-large wp-image-6308\" alt=\"\" srcset=\"https:\/\/www.c2dprevention.com\/wp-content\/uploads\/2025\/10\/une-femme-fatiguee-bouleversee-garde-les-deux-mains-sur-les-tempes-fronce-les-sourcils-se-sent-surmenee-apres-avoir-travaille-longtemps-1620x1080.jpg 1620w, https:\/\/www.c2dprevention.com\/wp-content\/uploads\/2025\/10\/une-femme-fatiguee-bouleversee-garde-les-deux-mains-sur-les-tempes-fronce-les-sourcils-se-sent-surmenee-apres-avoir-travaille-longtemps-1080x720.jpg 1080w, https:\/\/www.c2dprevention.com\/wp-content\/uploads\/2025\/10\/une-femme-fatiguee-bouleversee-garde-les-deux-mains-sur-les-tempes-fronce-les-sourcils-se-sent-surmenee-apres-avoir-travaille-longtemps.jpg 1920w\" sizes=\"(max-width: 800px) 100vw, 800px\" \/>\t\t\t\t\t\t\t\t\t\t\t\t\t\t\t<\/div>\n\t\t\t\t<div class=\"elementor-element elementor-element-46e767c elementor-widget elementor-widget-text-editor\" data-id=\"46e767c\" data-element_type=\"widget\" data-widget_type=\"text-editor.default\">\n\t\t\t\t\t\t\t\t\t<p style=\"font-weight: 400;\">Vivimos en una \u00e9poca en la que la informaci\u00f3n circula sin descanso. Notificaciones, correos electr\u00f3nicos, videollamadas, informes, flujos digitales incesantes: todo contribuye a saturar nuestra atenci\u00f3n.<\/p><p style=\"font-weight: 400;\">A menudo percibida como una simple molestia pr\u00e1ctica, la sobrecarga cognitiva es en realidad un <strong>riesgo importante<\/strong> tanto para la <strong>salud<\/strong> de las personas como para el <strong>rendimiento<\/strong> de las organizaciones.<\/p>\t\t\t\t\t\t\t\t<\/div>\n\t\t\t\t<div class=\"elementor-element elementor-element-5e65500 elementor-widget elementor-widget-heading\" data-id=\"5e65500\" data-element_type=\"widget\" data-widget_type=\"heading.default\">\n\t\t\t\t\t<h3 class=\"elementor-heading-title elementor-size-default\">\u00bfCu\u00e1les son los efectos de la sobrecarga cognitiva en el trabajo?<\/h3>\t\t\t\t<\/div>\n\t\t\t\t<div class=\"elementor-element elementor-element-69a79b6 elementor-widget elementor-widget-text-editor\" data-id=\"69a79b6\" data-element_type=\"widget\" data-widget_type=\"text-editor.default\">\n\t\t\t\t\t\t\t\t\t<p style=\"font-weight: 400;\">Seg\u00fan el INRS (2025), la sobrecarga cognitiva relacionada con el trabajo frente a una pantalla provoca fatiga mental, errores y una disminuci\u00f3n de la vigilancia.<\/p><p style=\"font-weight: 400;\"><br \/>Las investigaciones europeas se\u00f1alan tres consecuencias principales:<\/p><ul><li style=\"font-weight: 400;\"><strong>m\u00e1s errores<\/strong> (+30 % en ciertos entornos sensibles, fuente: EU-OSHA ESENER 2024)<\/li><li style=\"font-weight: 400;\">una <strong>reducci\u00f3n de la creatividad<\/strong> y de la <strong>memoria operativa<\/strong><\/li><li style=\"font-weight: 400;\">un <strong>mayor riesgo de accidentes<\/strong> en entornos complejos<\/li><\/ul><p style=\"font-weight: 400;\">En Francia, las <strong>enfermedades ps\u00edquicas de origen laboral aumentaron un 25 %<\/strong> en 2023, generando m\u00e1s de 12 000 accidentes de trabajo relacionados (Ministerio de Trabajo, 2025).<\/p>\t\t\t\t\t\t\t\t<\/div>\n\t\t\t\t<div class=\"elementor-element elementor-element-e8de027 elementor-widget elementor-widget-heading\" data-id=\"e8de027\" data-element_type=\"widget\" data-widget_type=\"heading.default\">\n\t\t\t\t\t<h3 class=\"elementor-heading-title elementor-size-default\">\u00bfPor qu\u00e9 son eficaces las micro-pausas?<\/h3>\t\t\t\t<\/div>\n\t\t\t\t<div class=\"elementor-element elementor-element-b45ce91 elementor-widget elementor-widget-text-editor\" data-id=\"b45ce91\" data-element_type=\"widget\" data-widget_type=\"text-editor.default\">\n\t\t\t\t\t\t\t\t\t<p style=\"font-weight: 400;\">Tres respiraciones conscientes. Dos minutos caminando sin el tel\u00e9fono. Lavar una taza concentr\u00e1ndose en el gesto. Estas micro-pausas reinician nuestros circuitos atencionales. Disipan la niebla cognitiva y restauran la energ\u00eda.<\/p><p style=\"font-weight: 400;\">La EU-OSHA (2023) muestra que <strong>reducir la exposici\u00f3n continua a los flujos digitales<\/strong> mejora la claridad en la toma de decisiones y disminuye el estr\u00e9s.<\/p>\t\t\t\t\t\t\t\t<\/div>\n\t\t\t\t<div class=\"elementor-element elementor-element-a52606d elementor-widget elementor-widget-heading\" data-id=\"a52606d\" data-element_type=\"widget\" data-widget_type=\"heading.default\">\n\t\t\t\t\t<h2 class=\"elementor-heading-title elementor-size-default\">\u00bfC\u00f3mo transformar la cultura empresarial frente a la sobrecarga informativa?<\/h2>\t\t\t\t<\/div>\n\t\t\t\t<div class=\"elementor-element elementor-element-7c5458f elementor-widget elementor-widget-text-editor\" data-id=\"7c5458f\" data-element_type=\"widget\" data-widget_type=\"text-editor.default\">\n\t\t\t\t\t\t\t\t\t<p style=\"font-weight: 400;\">Ninguna persona, por s\u00ed sola, puede compensar una organizaci\u00f3n saturada de informaci\u00f3n.<\/p><p style=\"font-weight: 400;\"><br \/>Los palancas colectivas son:<\/p><ul><li style=\"font-weight: 400;\">reducir los flujos innecesarios<\/li><li style=\"font-weight: 400;\">limitar las reuniones superfluas<\/li><li style=\"font-weight: 400;\">instaurar momentos protegidos de concentraci\u00f3n<\/li><\/ul><p style=\"font-weight: 400;\">El Consejo Econ\u00f3mico, Social y Medioambiental (CESE, 2025) recuerda que la salud laboral <strong>debe integrarse en la estrategia global de la empresa<\/strong>, y no limitarse a acciones puntuales.<\/p>\t\t\t\t\t\t\t\t<\/div>\n\t\t\t\t<div class=\"elementor-element elementor-element-ee72d89 elementor-widget elementor-widget-heading\" data-id=\"ee72d89\" data-element_type=\"widget\" data-widget_type=\"heading.default\">\n\t\t\t\t\t<h2 class=\"elementor-heading-title elementor-size-default\">Nuestro acompa\u00f1amiento<\/h2>\t\t\t\t<\/div>\n\t\t\t\t<div class=\"elementor-element elementor-element-19ad771 elementor-widget elementor-widget-text-editor\" data-id=\"19ad771\" data-element_type=\"widget\" data-widget_type=\"text-editor.default\">\n\t\t\t\t\t\t\t\t\t<p style=\"font-weight: 400;\">Ayudamos a las organizaciones a:<\/p><ul><li style=\"font-weight: 400;\">diagnosticar sus <strong>puntos de saturaci\u00f3n<\/strong><\/li><li style=\"font-weight: 400;\">formar a los equipos para <strong>reconocer los signos<\/strong> de sobrecarga<\/li><li style=\"font-weight: 400;\">instaurar <strong>pr\u00e1cticas de regulaci\u00f3n atencional <\/strong>adaptadas a su realidad<\/li><\/ul><p style=\"font-weight: 400;\"><strong>Descubra nuestro <a href=\"https:\/\/www.c2dprevention.com\/es\/talleres\/la-carga-mental\/\">Taller de Sobrecarga Mental<\/a> :<\/strong>\u00a0diagn\u00f3stico, herramientas pr\u00e1cticas y plan de acci\u00f3n para sus equipos.<\/p>\t\t\t\t\t\t\t\t<\/div>\n\t\t\t\t<div class=\"elementor-element elementor-element-c001e64 elementor-widget elementor-widget-heading\" data-id=\"c001e64\" data-element_type=\"widget\" data-widget_type=\"heading.default\">\n\t\t\t\t\t<h2 class=\"elementor-heading-title elementor-size-default\">Ideas clave<\/h2>\t\t\t\t<\/div>\n\t\t\t\t<div class=\"elementor-element elementor-element-e073e1f elementor-widget elementor-widget-text-editor\" data-id=\"e073e1f\" data-element_type=\"widget\" data-widget_type=\"text-editor.default\">\n\t\t\t\t\t\t\t\t\t<ul style=\"list-style-type: disc;\"><li style=\"font-weight: 400;\">La sobrecarga cognitiva <strong>aumenta los errores, las tensiones y los accidentes<\/strong> (INRS, EU-OSHA).<\/li><li style=\"font-weight: 400;\">Las micro-pausas conscientes son una herramienta <strong>simple y cient\u00edficamente validada<\/strong>.<\/li><li style=\"font-weight: 400;\">La prevenci\u00f3n pasa por una <strong>transformaci\u00f3n cultural<\/strong>: reducir los flujos, aligerar las reuniones y proteger la concentraci\u00f3n.<\/li><li style=\"font-weight: 400;\">Las organizaciones que act\u00faan <strong>ganan en seguridad, rendimiento sostenible y claridad directiva<\/strong>.<\/li><\/ul>\t\t\t\t\t\t\t\t<\/div>\n\t\t\t\t<div class=\"elementor-element elementor-element-2a33b6c elementor-widget elementor-widget-heading\" data-id=\"2a33b6c\" data-element_type=\"widget\" data-widget_type=\"heading.default\">\n\t\t\t\t\t<div class=\"elementor-heading-title elementor-size-default\">FAQ<\/div>\t\t\t\t<\/div>\n\t\t\t\t<div class=\"elementor-element elementor-element-5cc8f0b elementor-widget elementor-widget-text-editor\" data-id=\"5cc8f0b\" data-element_type=\"widget\" data-widget_type=\"text-editor.default\">\n\t\t\t\t\t\t\t\t\t<p style=\"font-weight: 400;\"><strong>\u00bfCu\u00e1les son los signos de una sobrecarga cognitiva?<\/strong><br \/>Dificultades de concentraci\u00f3n, errores frecuentes, fatiga mental, p\u00e9rdida de creatividad (INRS, 2025).<\/p><p style=\"font-weight: 400;\"><strong>\u00bfQu\u00e9 soluciones simples aplicar en el d\u00eda a d\u00eda?<\/strong><br \/>Introducir micro-pausas regulares, reducir las notificaciones e instaurar momentos colectivos sin est\u00edmulos digitales (EU-OSHA, 2023).<\/p><p style=\"font-weight: 400;\"><strong>\u00bfCu\u00e1les son las obligaciones legales del empleador?<\/strong><br \/>En Europa, la prevenci\u00f3n de los riesgos psicosociales (incluida la sobrecarga cognitiva) forma parte de la obligaci\u00f3n general de seguridad (Directiva 89\/391\/CEE).<\/p><p style=\"font-weight: 400;\"><strong>\u00bfPor qu\u00e9 actuar colectivamente?<\/strong><br \/>Porque ning\u00fan individuo puede compensar una cultura organizacional saturada: el CESE (2025) llama a una estrategia global.<\/p>\t\t\t\t\t\t\t\t<\/div>\n\t\t\t\t<div class=\"elementor-element elementor-element-a101a46 elementor-widget elementor-widget-heading\" data-id=\"a101a46\" data-element_type=\"widget\" data-widget_type=\"heading.default\">\n\t\t\t\t\t<div class=\"elementor-heading-title elementor-size-default\">Fuentes :<\/div>\t\t\t\t<\/div>\n\t\t\t\t<div class=\"elementor-element elementor-element-2e8f713 elementor-widget elementor-widget-text-editor\" data-id=\"2e8f713\" data-element_type=\"widget\" data-widget_type=\"text-editor.default\">\n\t\t\t\t\t\t\t\t\t<p style=\"font-weight: 400;\">INRS.\u00a0(2025).\u00a0<em>Travail sur \u00e9cran : risques pour la sant\u00e9<\/em>. Institut National de Recherche et de S\u00e9curit\u00e9.\u00a0<a href=\"https:\/\/www.inrs.fr\/risques\/travail-ecran\/risques-sante.html?utm_source=chatgpt.com\">https:\/\/www.inrs.fr\/risques\/travail-ecran\/risques-sante.html<\/a><\/p><p style=\"font-weight: 400;\">INRS.\u00a0(2025).\u00a0<em>Le travail sur \u00e9cran<\/em>\u00a0(Brochure ED 6538). Institut National de Recherche et de S\u00e9curit\u00e9.\u00a0<a href=\"https:\/\/www.inrs.fr\/dam\/jcr%3A54f747bd-584c-417e-8d73-5a3685155bce\/ed6538.pdf?utm_source=chatgpt.com\">https:\/\/www.inrs.fr\/dam\/jcr%3A54f747bd-584c-417e-8d73-5a3685155bce\/ed6538.pdf<\/a><\/p><p style=\"font-weight: 400;\">European Agency for Safety and Health at Work (EU-OSHA).\u00a0(2024).\u00a0<em>Digital technologies at work and psychosocial risks: Evidence and implications for occupational safety and health<\/em>. EU-OSHA.\u00a0<a href=\"https:\/\/osha.europa.eu\/en\/publications\/digital-technologies-work-and-psychosocial-risks-evidence-and-implications-occupational-safety-and-health?utm_source=chatgpt.com\">https:\/\/osha.europa.eu\/en\/publications\/digital-technologies-work-and-psychosocial-risks-evidence-and-implications-occupational-safety-and-health<\/a><\/p><p style=\"font-weight: 400;\">European Agency for Safety and Health at Work (EU-OSHA).\u00a0(2024).\u00a0<em>European Survey of Enterprises on New and Emerging Risks (ESENER) \u2013 First findings 2024<\/em>. EU-OSHA.\u00a0<a href=\"https:\/\/www.bollettinoadapt.it\/wp-content\/uploads\/2025\/02\/ESENER-first-findings-2024_EN.pdf?utm_source=chatgpt.com\">https:\/\/www.bollettinoadapt.it\/wp-content\/uploads\/2025\/02\/ESENER-first-findings-2024_EN.pdf<\/a><\/p><p style=\"font-weight: 400;\">EU Agenda.\u00a0(2025, f\u00e9vrier).\u00a0<em>Psychosocial risks at work: Key findings from ESENER 2024<\/em>. EU Agenda.\u00a0<a href=\"https:\/\/euagenda.eu\/news\/887614?utm_source=chatgpt.com\">https:\/\/euagenda.eu\/news\/887614<\/a><\/p><p style=\"font-weight: 400;\">Minist\u00e8re du Travail, de la Sant\u00e9 et des Solidarit\u00e9s.\u00a0(2025).\u00a0<em>Parlons sant\u00e9 mentale : pr\u00e9venir les risques, agir pour le bien-\u00eatre au travail<\/em>. Gouvernement de la R\u00e9publique fran\u00e7aise.\u00a0<a href=\"https:\/\/www.info.gouv.fr\/grand-dossier\/parlons-sante-mentale\/prevenir-les-risques-agir-pour-le-bien-etre-au-travail?utm_source=chatgpt.com\">https:\/\/www.info.gouv.fr\/grand-dossier\/parlons-sante-mentale\/prevenir-les-risques-agir-pour-le-bien-etre-au-travail<\/a><\/p><p style=\"font-weight: 400;\">Conseil \u00e9conomique, social et environnemental (CESE).\u00a0(2025).\u00a0<em>La sant\u00e9 au travail : d\u00e9fis et perspectives pour une pr\u00e9vention renforc\u00e9e<\/em>. Paris : CESE.\u00a0<a href=\"https:\/\/www.lecese.fr\/sites\/default\/files\/pdf\/Avis\/2025\/2025_08_sante_travail.pdf?utm_source=chatgpt.com\">https:\/\/www.lecese.fr\/sites\/default\/files\/pdf\/Avis\/2025\/2025_08_sante_travail.pdf<\/a><\/p><p style=\"font-weight: 400;\">Klesia.\u00a0(2025, avril).\u00a0<em>Le CESE se penche sur la pr\u00e9vention en sant\u00e9 au travail<\/em>. Klesia Actualit\u00e9s.\u00a0<a href=\"https:\/\/www.klesia.fr\/actualites\/le-cese-se-penche-sur-la-prevention-en-sante-au-travail?utm_source=chatgpt.com\">https:\/\/www.klesia.fr\/actualites\/le-cese-se-penche-sur-la-prevention-en-sante-au-travail<\/a><\/p>\t\t\t\t\t\t\t\t<\/div>\n\t\t\t\t\t<\/div>\n\t\t\t\t<\/div>\n\t\t\t\t<\/div>\n\t\t","protected":false},"excerpt":{"rendered":"<p>Vivimos en una \u00e9poca en la que la informaci\u00f3n circula sin descanso. Notificaciones, correos electr\u00f3nicos, videollamadas, informes, flujos digitales incesantes: todo contribuye a saturar nuestra atenci\u00f3n. A menudo percibida como una simple molestia pr\u00e1ctica, la sobrecarga cognitiva es en realidad un riesgo importante tanto para la salud de las personas como para el rendimiento de [&hellip;]<\/p>\n","protected":false},"author":7,"featured_media":6298,"comment_status":"closed","ping_status":"closed","sticky":false,"template":"","format":"standard","meta":{"_acf_changed":false,"_yoast_wpseo_focuskw":"","_yoast_wpseo_title":"","_yoast_wpseo_metadesc":"","_yoast_wpseo_meta-robots-noindex":"","_yoast_wpseo_meta-robots-nofollow":"","_yoast_wpseo_opengraph-title":"","_yoast_wpseo_opengraph-description":"","_yoast_wpseo_twitter-title":"","_yoast_wpseo_twitter-description":"","inline_featured_image":false,"_yoast_wpseo_focuskw_text_input":"","footnotes":""},"categories":[51],"tags":[],"class_list":["post-6295","post","type-post","status-publish","format-standard","has-post-thumbnail","hentry","category-blog-es"],"acf":[],"yoast_head":"<!-- This site is optimized with the Yoast SEO plugin v26.6 - https:\/\/yoast.com\/wordpress\/plugins\/seo\/ -->\n<title>Sobrecarga de informaci\u00f3n en el trabajo: un riesgo oculto para la salud y el rendimiento - C2D Prevention<\/title>\n<meta name=\"robots\" content=\"index, follow, max-snippet:-1, max-image-preview:large, max-video-preview:-1\" \/>\n<link rel=\"canonical\" href=\"https:\/\/www.c2dprevention.com\/es\/blog-es\/sobrecarga-de-informacion-en-el-trabajo-un-riesgo-oculto-para-la-salud-y-el-rendimiento\/\" \/>\n<meta property=\"og:locale\" content=\"es_ES\" \/>\n<meta property=\"og:type\" content=\"article\" \/>\n<meta property=\"og:title\" content=\"Sobrecarga de informaci\u00f3n en el trabajo: un riesgo oculto para la salud y el rendimiento - C2D Prevention\" \/>\n<meta property=\"og:description\" content=\"Vivimos en una \u00e9poca en la que la informaci\u00f3n circula sin descanso. Notificaciones, correos electr\u00f3nicos, videollamadas, informes, flujos digitales incesantes: todo contribuye a saturar nuestra atenci\u00f3n. A menudo percibida como una simple molestia pr\u00e1ctica, la sobrecarga cognitiva es en realidad un riesgo importante tanto para la salud de las personas como para el rendimiento de [&hellip;]\" \/>\n<meta property=\"og:url\" content=\"https:\/\/www.c2dprevention.com\/es\/blog-es\/sobrecarga-de-informacion-en-el-trabajo-un-riesgo-oculto-para-la-salud-y-el-rendimiento\/\" \/>\n<meta property=\"og:site_name\" content=\"C2D Prevention\" \/>\n<meta property=\"article:published_time\" content=\"2025-10-06T09:23:05+00:00\" \/>\n<meta property=\"article:modified_time\" content=\"2025-10-13T11:15:53+00:00\" \/>\n<meta property=\"og:image\" content=\"https:\/\/www.c2dprevention.com\/wp-content\/uploads\/2025\/10\/coup-moyen-femme-inquiete-au-bureau.jpg\" \/>\n\t<meta property=\"og:image:width\" content=\"1920\" \/>\n\t<meta property=\"og:image:height\" content=\"1280\" \/>\n\t<meta property=\"og:image:type\" content=\"image\/jpeg\" \/>\n<meta name=\"author\" content=\"Emilie\" \/>\n<meta name=\"twitter:card\" content=\"summary_large_image\" \/>\n<meta name=\"twitter:label1\" content=\"Escrito por\" \/>\n\t<meta name=\"twitter:data1\" content=\"Emilie\" \/>\n\t<meta name=\"twitter:label2\" content=\"Tiempo de lectura\" \/>\n\t<meta name=\"twitter:data2\" content=\"3 minutos\" \/>\n<script type=\"application\/ld+json\" class=\"yoast-schema-graph\">{\"@context\":\"https:\/\/schema.org\",\"@graph\":[{\"@type\":\"Article\",\"@id\":\"https:\/\/www.c2dprevention.com\/es\/blog-es\/sobrecarga-de-informacion-en-el-trabajo-un-riesgo-oculto-para-la-salud-y-el-rendimiento\/#article\",\"isPartOf\":{\"@id\":\"https:\/\/www.c2dprevention.com\/es\/blog-es\/sobrecarga-de-informacion-en-el-trabajo-un-riesgo-oculto-para-la-salud-y-el-rendimiento\/\"},\"author\":{\"name\":\"Emilie\",\"@id\":\"https:\/\/www.c2dprevention.com\/es\/#\/schema\/person\/6c276bb2330874122c8347caca6e19aa\"},\"headline\":\"Sobrecarga de informaci\u00f3n en el trabajo: un riesgo oculto para la salud y el rendimiento\",\"datePublished\":\"2025-10-06T09:23:05+00:00\",\"dateModified\":\"2025-10-13T11:15:53+00:00\",\"mainEntityOfPage\":{\"@id\":\"https:\/\/www.c2dprevention.com\/es\/blog-es\/sobrecarga-de-informacion-en-el-trabajo-un-riesgo-oculto-para-la-salud-y-el-rendimiento\/\"},\"wordCount\":761,\"publisher\":{\"@id\":\"https:\/\/www.c2dprevention.com\/es\/#organization\"},\"image\":{\"@id\":\"https:\/\/www.c2dprevention.com\/es\/blog-es\/sobrecarga-de-informacion-en-el-trabajo-un-riesgo-oculto-para-la-salud-y-el-rendimiento\/#primaryimage\"},\"thumbnailUrl\":\"https:\/\/www.c2dprevention.com\/wp-content\/uploads\/2025\/10\/coup-moyen-femme-inquiete-au-bureau.jpg\",\"articleSection\":[\"Blog\"],\"inLanguage\":\"es\"},{\"@type\":\"WebPage\",\"@id\":\"https:\/\/www.c2dprevention.com\/es\/blog-es\/sobrecarga-de-informacion-en-el-trabajo-un-riesgo-oculto-para-la-salud-y-el-rendimiento\/\",\"url\":\"https:\/\/www.c2dprevention.com\/es\/blog-es\/sobrecarga-de-informacion-en-el-trabajo-un-riesgo-oculto-para-la-salud-y-el-rendimiento\/\",\"name\":\"Sobrecarga de informaci\u00f3n en el trabajo: un riesgo oculto para la salud y el rendimiento - C2D Prevention\",\"isPartOf\":{\"@id\":\"https:\/\/www.c2dprevention.com\/es\/#website\"},\"primaryImageOfPage\":{\"@id\":\"https:\/\/www.c2dprevention.com\/es\/blog-es\/sobrecarga-de-informacion-en-el-trabajo-un-riesgo-oculto-para-la-salud-y-el-rendimiento\/#primaryimage\"},\"image\":{\"@id\":\"https:\/\/www.c2dprevention.com\/es\/blog-es\/sobrecarga-de-informacion-en-el-trabajo-un-riesgo-oculto-para-la-salud-y-el-rendimiento\/#primaryimage\"},\"thumbnailUrl\":\"https:\/\/www.c2dprevention.com\/wp-content\/uploads\/2025\/10\/coup-moyen-femme-inquiete-au-bureau.jpg\",\"datePublished\":\"2025-10-06T09:23:05+00:00\",\"dateModified\":\"2025-10-13T11:15:53+00:00\",\"breadcrumb\":{\"@id\":\"https:\/\/www.c2dprevention.com\/es\/blog-es\/sobrecarga-de-informacion-en-el-trabajo-un-riesgo-oculto-para-la-salud-y-el-rendimiento\/#breadcrumb\"},\"inLanguage\":\"es\",\"potentialAction\":[{\"@type\":\"ReadAction\",\"target\":[\"https:\/\/www.c2dprevention.com\/es\/blog-es\/sobrecarga-de-informacion-en-el-trabajo-un-riesgo-oculto-para-la-salud-y-el-rendimiento\/\"]}]},{\"@type\":\"ImageObject\",\"inLanguage\":\"es\",\"@id\":\"https:\/\/www.c2dprevention.com\/es\/blog-es\/sobrecarga-de-informacion-en-el-trabajo-un-riesgo-oculto-para-la-salud-y-el-rendimiento\/#primaryimage\",\"url\":\"https:\/\/www.c2dprevention.com\/wp-content\/uploads\/2025\/10\/coup-moyen-femme-inquiete-au-bureau.jpg\",\"contentUrl\":\"https:\/\/www.c2dprevention.com\/wp-content\/uploads\/2025\/10\/coup-moyen-femme-inquiete-au-bureau.jpg\",\"width\":1920,\"height\":1280},{\"@type\":\"BreadcrumbList\",\"@id\":\"https:\/\/www.c2dprevention.com\/es\/blog-es\/sobrecarga-de-informacion-en-el-trabajo-un-riesgo-oculto-para-la-salud-y-el-rendimiento\/#breadcrumb\",\"itemListElement\":[{\"@type\":\"ListItem\",\"position\":1,\"name\":\"Inicio\",\"item\":\"https:\/\/www.c2dprevention.com\/es\/accueil-v3-2\/\"},{\"@type\":\"ListItem\",\"position\":2,\"name\":\"Blog\",\"item\":\"https:\/\/www.c2dprevention.com\/es\/blog-es\/\"},{\"@type\":\"ListItem\",\"position\":3,\"name\":\"Sobrecarga de informaci\u00f3n en el trabajo: un riesgo oculto para la salud y el rendimiento\"}]},{\"@type\":\"WebSite\",\"@id\":\"https:\/\/www.c2dprevention.com\/es\/#website\",\"url\":\"https:\/\/www.c2dprevention.com\/es\/\",\"name\":\"C2D Prevention\",\"description\":\"\",\"publisher\":{\"@id\":\"https:\/\/www.c2dprevention.com\/es\/#organization\"},\"potentialAction\":[{\"@type\":\"SearchAction\",\"target\":{\"@type\":\"EntryPoint\",\"urlTemplate\":\"https:\/\/www.c2dprevention.com\/es\/?s={search_term_string}\"},\"query-input\":{\"@type\":\"PropertyValueSpecification\",\"valueRequired\":true,\"valueName\":\"search_term_string\"}}],\"inLanguage\":\"es\"},{\"@type\":\"Organization\",\"@id\":\"https:\/\/www.c2dprevention.com\/es\/#organization\",\"name\":\"C2D Prevention\",\"url\":\"https:\/\/www.c2dprevention.com\/es\/\",\"logo\":{\"@type\":\"ImageObject\",\"inLanguage\":\"es\",\"@id\":\"https:\/\/www.c2dprevention.com\/es\/#\/schema\/logo\/image\/\",\"url\":\"https:\/\/www.c2dprevention.com\/wp-content\/uploads\/2025\/05\/logoc2d.svg\",\"contentUrl\":\"https:\/\/www.c2dprevention.com\/wp-content\/uploads\/2025\/05\/logoc2d.svg\",\"width\":100,\"height\":58,\"caption\":\"C2D Prevention\"},\"image\":{\"@id\":\"https:\/\/www.c2dprevention.com\/es\/#\/schema\/logo\/image\/\"}},{\"@type\":\"Person\",\"@id\":\"https:\/\/www.c2dprevention.com\/es\/#\/schema\/person\/6c276bb2330874122c8347caca6e19aa\",\"name\":\"Emilie\"}]}<\/script>\n<!-- \/ Yoast SEO plugin. -->","yoast_head_json":{"title":"Sobrecarga de informaci\u00f3n en el trabajo: un riesgo oculto para la salud y el rendimiento - C2D Prevention","robots":{"index":"index","follow":"follow","max-snippet":"max-snippet:-1","max-image-preview":"max-image-preview:large","max-video-preview":"max-video-preview:-1"},"canonical":"https:\/\/www.c2dprevention.com\/es\/blog-es\/sobrecarga-de-informacion-en-el-trabajo-un-riesgo-oculto-para-la-salud-y-el-rendimiento\/","og_locale":"es_ES","og_type":"article","og_title":"Sobrecarga de informaci\u00f3n en el trabajo: un riesgo oculto para la salud y el rendimiento - C2D Prevention","og_description":"Vivimos en una \u00e9poca en la que la informaci\u00f3n circula sin descanso. Notificaciones, correos electr\u00f3nicos, videollamadas, informes, flujos digitales incesantes: todo contribuye a saturar nuestra atenci\u00f3n. A menudo percibida como una simple molestia pr\u00e1ctica, la sobrecarga cognitiva es en realidad un riesgo importante tanto para la salud de las personas como para el rendimiento de [&hellip;]","og_url":"https:\/\/www.c2dprevention.com\/es\/blog-es\/sobrecarga-de-informacion-en-el-trabajo-un-riesgo-oculto-para-la-salud-y-el-rendimiento\/","og_site_name":"C2D Prevention","article_published_time":"2025-10-06T09:23:05+00:00","article_modified_time":"2025-10-13T11:15:53+00:00","og_image":[{"width":1920,"height":1280,"url":"https:\/\/www.c2dprevention.com\/wp-content\/uploads\/2025\/10\/coup-moyen-femme-inquiete-au-bureau.jpg","type":"image\/jpeg"}],"author":"Emilie","twitter_card":"summary_large_image","twitter_misc":{"Escrito por":"Emilie","Tiempo de lectura":"3 minutos"},"schema":{"@context":"https:\/\/schema.org","@graph":[{"@type":"Article","@id":"https:\/\/www.c2dprevention.com\/es\/blog-es\/sobrecarga-de-informacion-en-el-trabajo-un-riesgo-oculto-para-la-salud-y-el-rendimiento\/#article","isPartOf":{"@id":"https:\/\/www.c2dprevention.com\/es\/blog-es\/sobrecarga-de-informacion-en-el-trabajo-un-riesgo-oculto-para-la-salud-y-el-rendimiento\/"},"author":{"name":"Emilie","@id":"https:\/\/www.c2dprevention.com\/es\/#\/schema\/person\/6c276bb2330874122c8347caca6e19aa"},"headline":"Sobrecarga de informaci\u00f3n en el trabajo: un riesgo oculto para la salud y el rendimiento","datePublished":"2025-10-06T09:23:05+00:00","dateModified":"2025-10-13T11:15:53+00:00","mainEntityOfPage":{"@id":"https:\/\/www.c2dprevention.com\/es\/blog-es\/sobrecarga-de-informacion-en-el-trabajo-un-riesgo-oculto-para-la-salud-y-el-rendimiento\/"},"wordCount":761,"publisher":{"@id":"https:\/\/www.c2dprevention.com\/es\/#organization"},"image":{"@id":"https:\/\/www.c2dprevention.com\/es\/blog-es\/sobrecarga-de-informacion-en-el-trabajo-un-riesgo-oculto-para-la-salud-y-el-rendimiento\/#primaryimage"},"thumbnailUrl":"https:\/\/www.c2dprevention.com\/wp-content\/uploads\/2025\/10\/coup-moyen-femme-inquiete-au-bureau.jpg","articleSection":["Blog"],"inLanguage":"es"},{"@type":"WebPage","@id":"https:\/\/www.c2dprevention.com\/es\/blog-es\/sobrecarga-de-informacion-en-el-trabajo-un-riesgo-oculto-para-la-salud-y-el-rendimiento\/","url":"https:\/\/www.c2dprevention.com\/es\/blog-es\/sobrecarga-de-informacion-en-el-trabajo-un-riesgo-oculto-para-la-salud-y-el-rendimiento\/","name":"Sobrecarga de informaci\u00f3n en el trabajo: un riesgo oculto para la salud y el rendimiento - C2D Prevention","isPartOf":{"@id":"https:\/\/www.c2dprevention.com\/es\/#website"},"primaryImageOfPage":{"@id":"https:\/\/www.c2dprevention.com\/es\/blog-es\/sobrecarga-de-informacion-en-el-trabajo-un-riesgo-oculto-para-la-salud-y-el-rendimiento\/#primaryimage"},"image":{"@id":"https:\/\/www.c2dprevention.com\/es\/blog-es\/sobrecarga-de-informacion-en-el-trabajo-un-riesgo-oculto-para-la-salud-y-el-rendimiento\/#primaryimage"},"thumbnailUrl":"https:\/\/www.c2dprevention.com\/wp-content\/uploads\/2025\/10\/coup-moyen-femme-inquiete-au-bureau.jpg","datePublished":"2025-10-06T09:23:05+00:00","dateModified":"2025-10-13T11:15:53+00:00","breadcrumb":{"@id":"https:\/\/www.c2dprevention.com\/es\/blog-es\/sobrecarga-de-informacion-en-el-trabajo-un-riesgo-oculto-para-la-salud-y-el-rendimiento\/#breadcrumb"},"inLanguage":"es","potentialAction":[{"@type":"ReadAction","target":["https:\/\/www.c2dprevention.com\/es\/blog-es\/sobrecarga-de-informacion-en-el-trabajo-un-riesgo-oculto-para-la-salud-y-el-rendimiento\/"]}]},{"@type":"ImageObject","inLanguage":"es","@id":"https:\/\/www.c2dprevention.com\/es\/blog-es\/sobrecarga-de-informacion-en-el-trabajo-un-riesgo-oculto-para-la-salud-y-el-rendimiento\/#primaryimage","url":"https:\/\/www.c2dprevention.com\/wp-content\/uploads\/2025\/10\/coup-moyen-femme-inquiete-au-bureau.jpg","contentUrl":"https:\/\/www.c2dprevention.com\/wp-content\/uploads\/2025\/10\/coup-moyen-femme-inquiete-au-bureau.jpg","width":1920,"height":1280},{"@type":"BreadcrumbList","@id":"https:\/\/www.c2dprevention.com\/es\/blog-es\/sobrecarga-de-informacion-en-el-trabajo-un-riesgo-oculto-para-la-salud-y-el-rendimiento\/#breadcrumb","itemListElement":[{"@type":"ListItem","position":1,"name":"Inicio","item":"https:\/\/www.c2dprevention.com\/es\/accueil-v3-2\/"},{"@type":"ListItem","position":2,"name":"Blog","item":"https:\/\/www.c2dprevention.com\/es\/blog-es\/"},{"@type":"ListItem","position":3,"name":"Sobrecarga de informaci\u00f3n en el trabajo: un riesgo oculto para la salud y el rendimiento"}]},{"@type":"WebSite","@id":"https:\/\/www.c2dprevention.com\/es\/#website","url":"https:\/\/www.c2dprevention.com\/es\/","name":"C2D Prevention","description":"","publisher":{"@id":"https:\/\/www.c2dprevention.com\/es\/#organization"},"potentialAction":[{"@type":"SearchAction","target":{"@type":"EntryPoint","urlTemplate":"https:\/\/www.c2dprevention.com\/es\/?s={search_term_string}"},"query-input":{"@type":"PropertyValueSpecification","valueRequired":true,"valueName":"search_term_string"}}],"inLanguage":"es"},{"@type":"Organization","@id":"https:\/\/www.c2dprevention.com\/es\/#organization","name":"C2D Prevention","url":"https:\/\/www.c2dprevention.com\/es\/","logo":{"@type":"ImageObject","inLanguage":"es","@id":"https:\/\/www.c2dprevention.com\/es\/#\/schema\/logo\/image\/","url":"https:\/\/www.c2dprevention.com\/wp-content\/uploads\/2025\/05\/logoc2d.svg","contentUrl":"https:\/\/www.c2dprevention.com\/wp-content\/uploads\/2025\/05\/logoc2d.svg","width":100,"height":58,"caption":"C2D Prevention"},"image":{"@id":"https:\/\/www.c2dprevention.com\/es\/#\/schema\/logo\/image\/"}},{"@type":"Person","@id":"https:\/\/www.c2dprevention.com\/es\/#\/schema\/person\/6c276bb2330874122c8347caca6e19aa","name":"Emilie"}]}},"_links":{"self":[{"href":"https:\/\/www.c2dprevention.com\/es\/wp-json\/wp\/v2\/posts\/6295","targetHints":{"allow":["GET"]}}],"collection":[{"href":"https:\/\/www.c2dprevention.com\/es\/wp-json\/wp\/v2\/posts"}],"about":[{"href":"https:\/\/www.c2dprevention.com\/es\/wp-json\/wp\/v2\/types\/post"}],"author":[{"embeddable":true,"href":"https:\/\/www.c2dprevention.com\/es\/wp-json\/wp\/v2\/users\/7"}],"replies":[{"embeddable":true,"href":"https:\/\/www.c2dprevention.com\/es\/wp-json\/wp\/v2\/comments?post=6295"}],"version-history":[{"count":11,"href":"https:\/\/www.c2dprevention.com\/es\/wp-json\/wp\/v2\/posts\/6295\/revisions"}],"predecessor-version":[{"id":6469,"href":"https:\/\/www.c2dprevention.com\/es\/wp-json\/wp\/v2\/posts\/6295\/revisions\/6469"}],"wp:featuredmedia":[{"embeddable":true,"href":"https:\/\/www.c2dprevention.com\/es\/wp-json\/wp\/v2\/media\/6298"}],"wp:attachment":[{"href":"https:\/\/www.c2dprevention.com\/es\/wp-json\/wp\/v2\/media?parent=6295"}],"wp:term":[{"taxonomy":"category","embeddable":true,"href":"https:\/\/www.c2dprevention.com\/es\/wp-json\/wp\/v2\/categories?post=6295"},{"taxonomy":"post_tag","embeddable":true,"href":"https:\/\/www.c2dprevention.com\/es\/wp-json\/wp\/v2\/tags?post=6295"}],"curies":[{"name":"wp","href":"https:\/\/api.w.org\/{rel}","templated":true}]}}